{"id":2578,"date":"2021-05-09T18:50:10","date_gmt":"2021-05-09T16:50:10","guid":{"rendered":"https:\/\/www.atus-koeflach.at\/2019\/?p=2578"},"modified":"2021-05-09T19:32:19","modified_gmt":"2021-05-09T17:32:19","slug":"atus-koeflach-kommt-stark-zurueck","status":"publish","type":"post","link":"https:\/\/www.atus-koeflach.at\/2019\/atus-koeflach-kommt-stark-zurueck\/","title":{"rendered":"ATUS K\u00f6flach kommt stark zur\u00fcck!"},"content":{"rendered":"<div class=\"fusion-fullwidth fullwidth-box fusion-builder-row-1 fusion-flex-container nonhundred-percent-fullwidth non-hundred-percent-height-scrolling\" style=\"--awb-border-radius-top-left:0px;--awb-border-radius-top-right:0px;--awb-border-radius-bottom-right:0px;--awb-border-radius-bottom-left:0px;--awb-flex-wrap:wrap;\" ><div class=\"fusion-builder-row fusion-row fusion-flex-align-items-flex-start fusion-flex-content-wrap\" style=\"max-width:calc( 1170px + 0px );margin-left: calc(-0px \/ 2 );margin-right: calc(-0px \/ 2 );\"><div class=\"fusion-layout-column fusion_builder_column fusion-builder-column-0 fusion_builder_column_1_1 1_1 fusion-flex-column\" style=\"--awb-bg-size:cover;--awb-width-large:100%;--awb-margin-top-large:0px;--awb-spacing-right-large:0px;--awb-margin-bottom-large:0px;--awb-spacing-left-large:0px;--awb-width-medium:100%;--awb-spacing-right-medium:0px;--awb-spacing-left-medium:0px;--awb-width-small:100%;--awb-spacing-right-small:0px;--awb-spacing-left-small:0px;\"><div class=\"fusion-column-wrapper fusion-flex-justify-content-flex-start fusion-content-layout-column\"><div class=\"fusion-text fusion-text-1\"><p class=\"Text\" style=\"text-align: justify; text-justify: inter-ideograph;\"><b><span style=\"font-size: 12.0pt;\">Unter Einhaltung aller Corona-Schutzma\u00dfnahmen kam k\u00fcrzlich der \u201eCome Back Stronger Cup 2021\u201c der Kunstturnerinnen in Graz zur Austragung. Trotz der durch die Pandemie eingeschr\u00e4nkten Trainingsm\u00f6glichkeiten erbrachten die Athletinnen des ATUS K\u00f6flach mit drei dritten und einem vierten Platz starke Leistungen.<\/span><\/b><\/p>\n<p class=\"Text\" style=\"text-align: justify; text-justify: inter-ideograph;\"><span style=\"font-size: 12.0pt;\">\u00a0<\/span><\/p>\n<p class=\"Text\" style=\"text-align: justify; text-justify: inter-ideograph;\"><span style=\"font-size: 12.0pt;\">GRAZ\/K\u00d6FLACH. Die Sch\u00fctzlinge des ATUS K\u00f6flach (alle haben eine Spitzensportfreigabe vom Bundesministerium) traten im Rahmen des Turniers gegen Turnerinnen aus der Steiermark, Wien und Nieder\u00f6sterreich an.<\/span><\/p>\n<p class=\"Text\" style=\"text-align: justify; text-justify: inter-ideograph;\"><span style=\"font-size: 12.0pt;\">\u00a0<\/span><\/p>\n<p class=\"Text\" style=\"text-align: justify; text-justify: inter-ideograph;\"><b><span style=\"font-size: 12.0pt;\">Lilian Lamperter<\/span><\/b><span style=\"font-size: 12.0pt;\"> startete in der Jugendstufe 3 und \u00fcberzeugte mit sehenswerten Darbietungen an allen Ger\u00e4ten (Sprung, Stufenbarren, Balken und Boden). Ihre Turntechnik hat sich seit der letzten Meisterschaft sehr gesteigert und dank der \u00fcberzeugenden Leistung durfte sie sich unter 14 Teilnehmerinnen in ihrer Altersklasse und als beste Steirerin \u00fcber den hervorragenden <b>3. Platz <\/b>freuen.<\/span><\/p>\n<p class=\"Text\" style=\"text-align: justify; text-justify: inter-ideograph;\"><span style=\"font-size: 12.0pt;\">\u00a0<\/span><\/p>\n<p class=\"Text\" style=\"text-align: justify; text-justify: inter-ideograph;\"><b><span style=\"font-size: 12.0pt;\">Emma Klug <\/span><\/b><span style=\"font-size: 12.0pt;\">und <b>Leonie Lamperter<\/b> traten erstmals in der Jugendstufe 2 an. In dieser h\u00f6heren Klasse werden auch schwieriger Teile wie Schraubensalto, Yurchenkospr\u00fcnge (Rondat Flick-Flack \u00fcber den Tisch) uvm. abverlangt. Mit hartem Training mussten die beiden in den letzten Wochen einen versp\u00e4teten Trainingsbeginn und die Neuzusammenstellung der \u00dcbungen kompensieren. Dass sich der Einsatz gelohnt hat, zeigten der <b>3. Rang <\/b>f\u00fcr <b>Emma Klug<\/b> (nur 0,5 Punkte hinter der Zweitplatzierten) und <b>der 4. Platz <\/b>f\u00fcr<b> Leonie Lamperter<\/b>.<\/span><\/p>\n<p class=\"Text\" style=\"text-align: justify; text-justify: inter-ideograph;\"><span style=\"font-size: 12.0pt;\">\u00a0<\/span><\/p>\n<p class=\"Text\" style=\"text-align: justify; text-justify: inter-ideograph;\"><b><span style=\"font-size: 12.0pt;\">Anna Pl\u00f6bst<\/span><\/b><span style=\"font-size: 12.0pt;\"> stellte sich trotz einer langen Trainingspause aufgrund einer Fu\u00dfverletzung dem Wettkampf in der Juniorinnenstufe. Obschon sie an ihre bereits erbrachten Glanzleistungen noch nicht ganz anschlie\u00dfen konnte, hielt sie tapfer mit der Konkurrenz mit. Mit viel Wettkampferfahrung und konstant guten \u00dcbungen sammelte sie viele Punkte und landete schlussendlich auf dem ausgezeichneten <b>3. Platz.<\/b><\/span><\/p>\n<p class=\"Text\" style=\"text-align: justify; text-justify: inter-ideograph;\"><span style=\"font-size: 12.0pt;\">\u00a0<\/span><\/p>\n<p class=\"Text\" style=\"text-align: justify; text-justify: inter-ideograph;\"><span style=\"font-size: 12.0pt;\">\u201eDie Leistungen unsere M\u00e4dchen sind umso bemerkenswerter, als fast kein Training in der Halle m\u00f6glich war und die \u00dcbungen nahezu ausschlie\u00dflich online erarbeitet wurden\u201c, zeigen sich ATUS K\u00f6flach-Obfrau <b>Karin Konrad-Krauthackl<\/b> und <b>Magdalena Vesceyne<\/b> hochzufrieden mit den Ergebnissen.<\/span><\/p>\n<p class=\"Text\" style=\"text-align: justify; text-justify: inter-ideograph;\"><span style=\"font-size: 12.0pt;\">\u00a0<\/span><\/p>\n<p class=\"Text\" style=\"text-align: justify; text-justify: inter-ideograph;\"><span style=\"font-size: 12.0pt;\">Derzeit bereiten wir uns auf die Steirischen Landesmeisterschaften im Herbst vor. Es ist noch viel zu tun, die bereits\u00a0erlernten\u00a0Elemente\u00a0m\u00fcssen gefestigt und\u00a0neue, schwierigere\u00a0\u00dcbungsteile erlernt werden. Wir blicken aber voller Zuversicht auf die n\u00e4chste Wettkampfsaison.<\/span><\/p>\n<\/div><div class=\"awb-gallery-wrapper awb-gallery-wrapper-1 button-span-no\" data-limit=\"10\" data-page=\"1\"><div style=\"margin:-5px;--awb-bordersize:0px;\" class=\"fusion-gallery fusion-gallery-container fusion-grid-3 fusion-columns-total-20 fusion-gallery-layout-masonry fusion-gallery-1\"><div class=\"fusion-grid-column fusion-gallery-column fusion-gallery-column-3 hover-type-none fusion-grid-sizer\"><\/div><div style=\"padding:5px;\" class=\"fusion-grid-column fusion-gallery-column fusion-gallery-column-3 hover-type-none fusion-element-landscape fusion-element-portrait\"><div class=\"fusion-gallery-image\"><a href=\"https:\/\/www.atus-koeflach.at\/2019\/wp-content\/uploads\/2021\/05\/20210502_1945550-scaled.jpg\" rel=\"noreferrer\" data-rel=\"iLightbox[gallery_image_1]\" class=\"fusion-lightbox\" target=\"_self\"><div style=\"padding-top:calc((100% + 10px) * 0.8);background-position:;\" class=\"fusion-masonry-element-container lazyload\" data-bg=\"https:\/\/www.atus-koeflach.at\/2019\/wp-content\/uploads\/2021\/05\/20210502_1945550-scaled.jpg\"><img fetchpriority=\"high\" fetchpriority=\"high\" decoding=\"async\" src=\"https:\/\/www.atus-koeflach.at\/2019\/wp-content\/uploads\/2021\/05\/20210502_1945550-scaled.jpg\" data-orig-src=\"https:\/\/www.atus-koeflach.at\/2019\/wp-content\/uploads\/2021\/05\/20210502_1945550-scaled.jpg\" width=\"2560\" height=\"1920\" alt=\"\" title=\"20210502_194555(0)\" aria-label=\"20210502_194555(0)\" class=\"lazyload img-responsive wp-image-2580\" srcset=\"data:image\/svg+xml,%3Csvg%20xmlns%3D%27http%3A%2F%2Fwww.w3.org%2F2000%2Fsvg%27%20width%3D%272560%27%20height%3D%271920%27%20viewBox%3D%270%200%202560%201920%27%3E%3Crect%20width%3D%272560%27%20height%3D%271920%27%20fill-opacity%3D%220%22%2F%3E%3C%2Fsvg%3E\" data-srcset=\"https:\/\/www.atus-koeflach.at\/2019\/wp-content\/uploads\/2021\/05\/20210502_1945550-200x150.jpg 200w, https:\/\/www.atus-koeflach.at\/2019\/wp-content\/uploads\/2021\/05\/20210502_1945550-400x300.jpg 400w, https:\/\/www.atus-koeflach.at\/2019\/wp-content\/uploads\/2021\/05\/20210502_1945550-600x450.jpg 600w, https:\/\/www.atus-koeflach.at\/2019\/wp-content\/uploads\/2021\/05\/20210502_1945550-800x600.jpg 800w, https:\/\/www.atus-koeflach.at\/2019\/wp-content\/uploads\/2021\/05\/20210502_1945550-1200x900.jpg 1200w, https:\/\/www.atus-koeflach.at\/2019\/wp-content\/uploads\/2021\/05\/20210502_1945550-scaled.jpg 2560w\" data-sizes=\"auto\" data-orig-sizes=\"(min-width: 2200px) 100vw, (min-width: 640px) 1170px, \" \/><\/div><\/a><\/div><\/div><div style=\"padding:5px;\" class=\"fusion-grid-column fusion-gallery-column fusion-gallery-column-3 hover-type-none fusion-element-landscape\"><div class=\"fusion-gallery-image\"><a href=\"https:\/\/www.atus-koeflach.at\/2019\/wp-content\/uploads\/2021\/05\/Leonie-Sprung_20210509-085035.jpg\" rel=\"noreferrer\" data-rel=\"iLightbox[gallery_image_1]\" class=\"fusion-lightbox\" target=\"_self\"><div style=\"padding-top:calc((100% + 10px) * 0.4 - 5px);background-position:;\" class=\"fusion-masonry-element-container lazyload\" data-bg=\"https:\/\/www.atus-koeflach.at\/2019\/wp-content\/uploads\/2021\/05\/Leonie-Sprung_20210509-085035.jpg\"><img loading=\"lazy\" decoding=\"async\" src=\"https:\/\/www.atus-koeflach.at\/2019\/wp-content\/uploads\/2021\/05\/Leonie-Sprung_20210509-085035.jpg\" data-orig-src=\"https:\/\/www.atus-koeflach.at\/2019\/wp-content\/uploads\/2021\/05\/Leonie-Sprung_20210509-085035.jpg\" width=\"524\" height=\"346\" alt=\"\" title=\"Leonie Sprung_20210509-085035\" aria-label=\"Leonie Sprung_20210509-085035\" class=\"lazyload img-responsive wp-image-2581\" srcset=\"data:image\/svg+xml,%3Csvg%20xmlns%3D%27http%3A%2F%2Fwww.w3.org%2F2000%2Fsvg%27%20width%3D%27524%27%20height%3D%27346%27%20viewBox%3D%270%200%20524%20346%27%3E%3Crect%20width%3D%27524%27%20height%3D%27346%27%20fill-opacity%3D%220%22%2F%3E%3C%2Fsvg%3E\" data-srcset=\"https:\/\/www.atus-koeflach.at\/2019\/wp-content\/uploads\/2021\/05\/Leonie-Sprung_20210509-085035-200x132.jpg 200w, https:\/\/www.atus-koeflach.at\/2019\/wp-content\/uploads\/2021\/05\/Leonie-Sprung_20210509-085035-400x264.jpg 400w, https:\/\/www.atus-koeflach.at\/2019\/wp-content\/uploads\/2021\/05\/Leonie-Sprung_20210509-085035.jpg 524w\" data-sizes=\"auto\" data-orig-sizes=\"(min-width: 2200px) 100vw, (min-width: 640px) 1170px, \" \/><\/div><\/a><\/div><\/div><div style=\"padding:5px;\" class=\"fusion-grid-column fusion-gallery-column fusion-gallery-column-3 hover-type-none fusion-element-portrait\"><div class=\"fusion-gallery-image\"><a href=\"https:\/\/www.atus-koeflach.at\/2019\/wp-content\/uploads\/2021\/05\/Lilian-Stufi_20210509-084423.jpg\" rel=\"noreferrer\" data-rel=\"iLightbox[gallery_image_1]\" class=\"fusion-lightbox\" target=\"_self\"><div style=\"padding-top:calc((100% + 10px) * 1.6);background-position:;\" class=\"fusion-masonry-element-container lazyload\" data-bg=\"https:\/\/www.atus-koeflach.at\/2019\/wp-content\/uploads\/2021\/05\/Lilian-Stufi_20210509-084423.jpg\"><img loading=\"lazy\" decoding=\"async\" src=\"https:\/\/www.atus-koeflach.at\/2019\/wp-content\/uploads\/2021\/05\/Lilian-Stufi_20210509-084423.jpg\" data-orig-src=\"https:\/\/www.atus-koeflach.at\/2019\/wp-content\/uploads\/2021\/05\/Lilian-Stufi_20210509-084423.jpg\" width=\"352\" height=\"640\" alt=\"\" title=\"Lilian Stufi_20210509-084423\" aria-label=\"Lilian Stufi_20210509-084423\" class=\"lazyload img-responsive wp-image-2582\" srcset=\"data:image\/svg+xml,%3Csvg%20xmlns%3D%27http%3A%2F%2Fwww.w3.org%2F2000%2Fsvg%27%20width%3D%27352%27%20height%3D%27640%27%20viewBox%3D%270%200%20352%20640%27%3E%3Crect%20width%3D%27352%27%20height%3D%27640%27%20fill-opacity%3D%220%22%2F%3E%3C%2Fsvg%3E\" data-srcset=\"https:\/\/www.atus-koeflach.at\/2019\/wp-content\/uploads\/2021\/05\/Lilian-Stufi_20210509-084423-200x364.jpg 200w, https:\/\/www.atus-koeflach.at\/2019\/wp-content\/uploads\/2021\/05\/Lilian-Stufi_20210509-084423.jpg 352w\" data-sizes=\"auto\" data-orig-sizes=\"(min-width: 2200px) 100vw, (min-width: 824px) 387px, (min-width: 732px) 580px, (min-width: 640px) 732px, \" \/><\/div><\/a><\/div><\/div><div style=\"padding:5px;\" class=\"fusion-grid-column fusion-gallery-column fusion-gallery-column-3 hover-type-none fusion-element-grid\"><div class=\"fusion-gallery-image\"><a href=\"https:\/\/www.atus-koeflach.at\/2019\/wp-content\/uploads\/2021\/05\/Lilli-Boden.png\" rel=\"noreferrer\" data-rel=\"iLightbox[gallery_image_1]\" class=\"fusion-lightbox\" target=\"_self\"><div style=\"padding-top:calc((100% + 10px) * 0.8 - 5px);background-position:;\" class=\"fusion-masonry-element-container lazyload\" data-bg=\"https:\/\/www.atus-koeflach.at\/2019\/wp-content\/uploads\/2021\/05\/Lilli-Boden.png\"><img loading=\"lazy\" loading=\"lazy\" decoding=\"async\" src=\"https:\/\/www.atus-koeflach.at\/2019\/wp-content\/uploads\/2021\/05\/Lilli-Boden.png\" data-orig-src=\"https:\/\/www.atus-koeflach.at\/2019\/wp-content\/uploads\/2021\/05\/Lilli-Boden.png\" width=\"652\" height=\"475\" alt=\"\" title=\"Lilli Boden\" aria-label=\"Lilli Boden\" class=\"lazyload img-responsive wp-image-2583\" srcset=\"data:image\/svg+xml,%3Csvg%20xmlns%3D%27http%3A%2F%2Fwww.w3.org%2F2000%2Fsvg%27%20width%3D%27652%27%20height%3D%27475%27%20viewBox%3D%270%200%20652%20475%27%3E%3Crect%20width%3D%27652%27%20height%3D%27475%27%20fill-opacity%3D%220%22%2F%3E%3C%2Fsvg%3E\" data-srcset=\"https:\/\/www.atus-koeflach.at\/2019\/wp-content\/uploads\/2021\/05\/Lilli-Boden-200x146.png 200w, https:\/\/www.atus-koeflach.at\/2019\/wp-content\/uploads\/2021\/05\/Lilli-Boden-400x291.png 400w, https:\/\/www.atus-koeflach.at\/2019\/wp-content\/uploads\/2021\/05\/Lilli-Boden-600x437.png 600w, https:\/\/www.atus-koeflach.at\/2019\/wp-content\/uploads\/2021\/05\/Lilli-Boden.png 652w\" data-sizes=\"auto\" data-orig-sizes=\"(min-width: 2200px) 100vw, (min-width: 824px) 387px, (min-width: 732px) 580px, (min-width: 640px) 732px, \" \/><\/div><\/a><\/div><\/div><div style=\"padding:5px;\" class=\"fusion-grid-column fusion-gallery-column fusion-gallery-column-3 hover-type-none fusion-element-landscape\"><div class=\"fusion-gallery-image\"><a href=\"https:\/\/www.atus-koeflach.at\/2019\/wp-content\/uploads\/2021\/05\/Lilli-Bodenvlcsnap-2021-05-09-16h19m24s751.png\" rel=\"noreferrer\" data-rel=\"iLightbox[gallery_image_1]\" class=\"fusion-lightbox\" target=\"_self\"><div style=\"padding-top:calc((100% + 10px) * 0.4 - 5px);background-position:;\" class=\"fusion-masonry-element-container lazyload\" data-bg=\"https:\/\/www.atus-koeflach.at\/2019\/wp-content\/uploads\/2021\/05\/Lilli-Bodenvlcsnap-2021-05-09-16h19m24s751.png\"><img loading=\"lazy\" loading=\"lazy\" decoding=\"async\" src=\"https:\/\/www.atus-koeflach.at\/2019\/wp-content\/uploads\/2021\/05\/Lilli-Bodenvlcsnap-2021-05-09-16h19m24s751.png\" data-orig-src=\"https:\/\/www.atus-koeflach.at\/2019\/wp-content\/uploads\/2021\/05\/Lilli-Bodenvlcsnap-2021-05-09-16h19m24s751.png\" width=\"638\" height=\"339\" alt=\"\" title=\"Lilli Bodenvlcsnap-2021-05-09-16h19m24s751\" aria-label=\"Lilli Bodenvlcsnap-2021-05-09-16h19m24s751\" class=\"lazyload img-responsive wp-image-2584\" srcset=\"data:image\/svg+xml,%3Csvg%20xmlns%3D%27http%3A%2F%2Fwww.w3.org%2F2000%2Fsvg%27%20width%3D%27638%27%20height%3D%27339%27%20viewBox%3D%270%200%20638%20339%27%3E%3Crect%20width%3D%27638%27%20height%3D%27339%27%20fill-opacity%3D%220%22%2F%3E%3C%2Fsvg%3E\" data-srcset=\"https:\/\/www.atus-koeflach.at\/2019\/wp-content\/uploads\/2021\/05\/Lilli-Bodenvlcsnap-2021-05-09-16h19m24s751-200x106.png 200w, https:\/\/www.atus-koeflach.at\/2019\/wp-content\/uploads\/2021\/05\/Lilli-Bodenvlcsnap-2021-05-09-16h19m24s751-400x213.png 400w, https:\/\/www.atus-koeflach.at\/2019\/wp-content\/uploads\/2021\/05\/Lilli-Bodenvlcsnap-2021-05-09-16h19m24s751-600x319.png 600w, https:\/\/www.atus-koeflach.at\/2019\/wp-content\/uploads\/2021\/05\/Lilli-Bodenvlcsnap-2021-05-09-16h19m24s751.png 638w\" data-sizes=\"auto\" data-orig-sizes=\"(min-width: 2200px) 100vw, (min-width: 640px) 1170px, \" \/><\/div><\/a><\/div><\/div><div style=\"padding:5px;\" class=\"fusion-grid-column fusion-gallery-column fusion-gallery-column-3 hover-type-none fusion-element-landscape fusion-element-portrait\"><div class=\"fusion-gallery-image\"><a href=\"https:\/\/www.atus-koeflach.at\/2019\/wp-content\/uploads\/2021\/05\/20210502_140054-1.jpg\" rel=\"noreferrer\" data-rel=\"iLightbox[gallery_image_1]\" class=\"fusion-lightbox\" target=\"_self\"><div style=\"padding-top:calc((100% + 10px) * 0.8);background-position:;\" class=\"fusion-masonry-element-container lazyload\" data-bg=\"https:\/\/www.atus-koeflach.at\/2019\/wp-content\/uploads\/2021\/05\/20210502_140054-1.jpg\"><img loading=\"lazy\" loading=\"lazy\" decoding=\"async\" src=\"https:\/\/www.atus-koeflach.at\/2019\/wp-content\/uploads\/2021\/05\/20210502_140054-1.jpg\" data-orig-src=\"https:\/\/www.atus-koeflach.at\/2019\/wp-content\/uploads\/2021\/05\/20210502_140054-1.jpg\" width=\"2219\" height=\"1801\" alt=\"\" title=\"20210502_140054\" aria-label=\"20210502_140054\" class=\"lazyload img-responsive wp-image-2586\" srcset=\"data:image\/svg+xml,%3Csvg%20xmlns%3D%27http%3A%2F%2Fwww.w3.org%2F2000%2Fsvg%27%20width%3D%272219%27%20height%3D%271801%27%20viewBox%3D%270%200%202219%201801%27%3E%3Crect%20width%3D%272219%27%20height%3D%271801%27%20fill-opacity%3D%220%22%2F%3E%3C%2Fsvg%3E\" data-srcset=\"https:\/\/www.atus-koeflach.at\/2019\/wp-content\/uploads\/2021\/05\/20210502_140054-1-200x162.jpg 200w, https:\/\/www.atus-koeflach.at\/2019\/wp-content\/uploads\/2021\/05\/20210502_140054-1-400x325.jpg 400w, https:\/\/www.atus-koeflach.at\/2019\/wp-content\/uploads\/2021\/05\/20210502_140054-1-600x487.jpg 600w, https:\/\/www.atus-koeflach.at\/2019\/wp-content\/uploads\/2021\/05\/20210502_140054-1-800x649.jpg 800w, https:\/\/www.atus-koeflach.at\/2019\/wp-content\/uploads\/2021\/05\/20210502_140054-1-1200x974.jpg 1200w, https:\/\/www.atus-koeflach.at\/2019\/wp-content\/uploads\/2021\/05\/20210502_140054-1.jpg 2219w\" data-sizes=\"auto\" data-orig-sizes=\"(min-width: 2200px) 100vw, (min-width: 640px) 1170px, \" \/><\/div><\/a><\/div><\/div><div style=\"padding:5px;\" class=\"fusion-grid-column fusion-gallery-column fusion-gallery-column-3 hover-type-none fusion-element-landscape\"><div class=\"fusion-gallery-image\"><a href=\"https:\/\/www.atus-koeflach.at\/2019\/wp-content\/uploads\/2021\/05\/20210502_190110-scaled.jpg\" rel=\"noreferrer\" data-rel=\"iLightbox[gallery_image_1]\" class=\"fusion-lightbox\" target=\"_self\"><div style=\"padding-top:calc((100% + 10px) * 0.4 - 5px);background-position:;\" class=\"fusion-masonry-element-container lazyload\" data-bg=\"https:\/\/www.atus-koeflach.at\/2019\/wp-content\/uploads\/2021\/05\/20210502_190110-scaled.jpg\"><img loading=\"lazy\" loading=\"lazy\" decoding=\"async\" src=\"https:\/\/www.atus-koeflach.at\/2019\/wp-content\/uploads\/2021\/05\/20210502_190110-scaled.jpg\" data-orig-src=\"https:\/\/www.atus-koeflach.at\/2019\/wp-content\/uploads\/2021\/05\/20210502_190110-scaled.jpg\" width=\"2560\" height=\"1625\" alt=\"\" title=\"20210502_190110\" aria-label=\"20210502_190110\" class=\"lazyload img-responsive wp-image-2587\" srcset=\"data:image\/svg+xml,%3Csvg%20xmlns%3D%27http%3A%2F%2Fwww.w3.org%2F2000%2Fsvg%27%20width%3D%272560%27%20height%3D%271625%27%20viewBox%3D%270%200%202560%201625%27%3E%3Crect%20width%3D%272560%27%20height%3D%271625%27%20fill-opacity%3D%220%22%2F%3E%3C%2Fsvg%3E\" data-srcset=\"https:\/\/www.atus-koeflach.at\/2019\/wp-content\/uploads\/2021\/05\/20210502_190110-200x127.jpg 200w, https:\/\/www.atus-koeflach.at\/2019\/wp-content\/uploads\/2021\/05\/20210502_190110-400x254.jpg 400w, https:\/\/www.atus-koeflach.at\/2019\/wp-content\/uploads\/2021\/05\/20210502_190110-600x381.jpg 600w, https:\/\/www.atus-koeflach.at\/2019\/wp-content\/uploads\/2021\/05\/20210502_190110-800x508.jpg 800w, https:\/\/www.atus-koeflach.at\/2019\/wp-content\/uploads\/2021\/05\/20210502_190110-1200x762.jpg 1200w, https:\/\/www.atus-koeflach.at\/2019\/wp-content\/uploads\/2021\/05\/20210502_190110-scaled.jpg 2560w\" data-sizes=\"auto\" data-orig-sizes=\"(min-width: 2200px) 100vw, (min-width: 640px) 1170px, \" \/><\/div><\/a><\/div><\/div><div style=\"padding:5px;\" class=\"fusion-grid-column fusion-gallery-column fusion-gallery-column-3 hover-type-none fusion-element-landscape\"><div class=\"fusion-gallery-image\"><a href=\"https:\/\/www.atus-koeflach.at\/2019\/wp-content\/uploads\/2021\/05\/20210502_193433-scaled.jpg\" rel=\"noreferrer\" data-rel=\"iLightbox[gallery_image_1]\" class=\"fusion-lightbox\" target=\"_self\"><div style=\"padding-top:calc((100% + 10px) * 0.4 - 5px);background-position:;\" class=\"fusion-masonry-element-container lazyload\" data-bg=\"https:\/\/www.atus-koeflach.at\/2019\/wp-content\/uploads\/2021\/05\/20210502_193433-scaled.jpg\"><img loading=\"lazy\" loading=\"lazy\" decoding=\"async\" src=\"https:\/\/www.atus-koeflach.at\/2019\/wp-content\/uploads\/2021\/05\/20210502_193433-scaled.jpg\" data-orig-src=\"https:\/\/www.atus-koeflach.at\/2019\/wp-content\/uploads\/2021\/05\/20210502_193433-scaled.jpg\" width=\"2560\" height=\"1396\" alt=\"\" title=\"20210502_193433\" aria-label=\"20210502_193433\" class=\"lazyload img-responsive wp-image-2588\" srcset=\"data:image\/svg+xml,%3Csvg%20xmlns%3D%27http%3A%2F%2Fwww.w3.org%2F2000%2Fsvg%27%20width%3D%272560%27%20height%3D%271396%27%20viewBox%3D%270%200%202560%201396%27%3E%3Crect%20width%3D%272560%27%20height%3D%271396%27%20fill-opacity%3D%220%22%2F%3E%3C%2Fsvg%3E\" data-srcset=\"https:\/\/www.atus-koeflach.at\/2019\/wp-content\/uploads\/2021\/05\/20210502_193433-200x109.jpg 200w, https:\/\/www.atus-koeflach.at\/2019\/wp-content\/uploads\/2021\/05\/20210502_193433-400x218.jpg 400w, https:\/\/www.atus-koeflach.at\/2019\/wp-content\/uploads\/2021\/05\/20210502_193433-600x327.jpg 600w, https:\/\/www.atus-koeflach.at\/2019\/wp-content\/uploads\/2021\/05\/20210502_193433-800x436.jpg 800w, https:\/\/www.atus-koeflach.at\/2019\/wp-content\/uploads\/2021\/05\/20210502_193433-1200x654.jpg 1200w, https:\/\/www.atus-koeflach.at\/2019\/wp-content\/uploads\/2021\/05\/20210502_193433-scaled.jpg 2560w\" data-sizes=\"auto\" data-orig-sizes=\"(min-width: 2200px) 100vw, (min-width: 640px) 1170px, \" \/><\/div><\/a><\/div><\/div><div style=\"padding:5px;\" class=\"fusion-grid-column fusion-gallery-column fusion-gallery-column-3 hover-type-none fusion-element-landscape\"><div class=\"fusion-gallery-image\"><a href=\"https:\/\/www.atus-koeflach.at\/2019\/wp-content\/uploads\/2021\/05\/20210502_193832-scaled.jpg\" rel=\"noreferrer\" data-rel=\"iLightbox[gallery_image_1]\" class=\"fusion-lightbox\" target=\"_self\"><div style=\"padding-top:calc((100% + 10px) * 0.4 - 5px);background-position:;\" class=\"fusion-masonry-element-container lazyload\" data-bg=\"https:\/\/www.atus-koeflach.at\/2019\/wp-content\/uploads\/2021\/05\/20210502_193832-scaled.jpg\"><img loading=\"lazy\" loading=\"lazy\" decoding=\"async\" src=\"https:\/\/www.atus-koeflach.at\/2019\/wp-content\/uploads\/2021\/05\/20210502_193832-scaled.jpg\" data-orig-src=\"https:\/\/www.atus-koeflach.at\/2019\/wp-content\/uploads\/2021\/05\/20210502_193832-scaled.jpg\" width=\"2560\" height=\"1153\" alt=\"\" title=\"20210502_193832\" aria-label=\"20210502_193832\" class=\"lazyload img-responsive wp-image-2589\" srcset=\"data:image\/svg+xml,%3Csvg%20xmlns%3D%27http%3A%2F%2Fwww.w3.org%2F2000%2Fsvg%27%20width%3D%272560%27%20height%3D%271153%27%20viewBox%3D%270%200%202560%201153%27%3E%3Crect%20width%3D%272560%27%20height%3D%271153%27%20fill-opacity%3D%220%22%2F%3E%3C%2Fsvg%3E\" data-srcset=\"https:\/\/www.atus-koeflach.at\/2019\/wp-content\/uploads\/2021\/05\/20210502_193832-200x90.jpg 200w, https:\/\/www.atus-koeflach.at\/2019\/wp-content\/uploads\/2021\/05\/20210502_193832-400x180.jpg 400w, https:\/\/www.atus-koeflach.at\/2019\/wp-content\/uploads\/2021\/05\/20210502_193832-600x270.jpg 600w, https:\/\/www.atus-koeflach.at\/2019\/wp-content\/uploads\/2021\/05\/20210502_193832-800x360.jpg 800w, https:\/\/www.atus-koeflach.at\/2019\/wp-content\/uploads\/2021\/05\/20210502_193832-1200x540.jpg 1200w, https:\/\/www.atus-koeflach.at\/2019\/wp-content\/uploads\/2021\/05\/20210502_193832-scaled.jpg 2560w\" data-sizes=\"auto\" data-orig-sizes=\"(min-width: 2200px) 100vw, (min-width: 640px) 1170px, \" \/><\/div><\/a><\/div><\/div><div style=\"padding:5px;\" class=\"fusion-grid-column fusion-gallery-column fusion-gallery-column-3 hover-type-none fusion-element-landscape\"><div class=\"fusion-gallery-image\"><a href=\"https:\/\/www.atus-koeflach.at\/2019\/wp-content\/uploads\/2021\/05\/20210502_194200-scaled.jpg\" rel=\"noreferrer\" data-rel=\"iLightbox[gallery_image_1]\" class=\"fusion-lightbox\" target=\"_self\"><div style=\"padding-top:calc((100% + 10px) * 0.4 - 5px);background-position:;\" class=\"fusion-masonry-element-container lazyload\" data-bg=\"https:\/\/www.atus-koeflach.at\/2019\/wp-content\/uploads\/2021\/05\/20210502_194200-scaled.jpg\"><img loading=\"lazy\" loading=\"lazy\" decoding=\"async\" src=\"https:\/\/www.atus-koeflach.at\/2019\/wp-content\/uploads\/2021\/05\/20210502_194200-scaled.jpg\" data-orig-src=\"https:\/\/www.atus-koeflach.at\/2019\/wp-content\/uploads\/2021\/05\/20210502_194200-scaled.jpg\" width=\"2560\" height=\"1153\" alt=\"\" title=\"20210502_194200\" aria-label=\"20210502_194200\" class=\"lazyload img-responsive wp-image-2590\" srcset=\"data:image\/svg+xml,%3Csvg%20xmlns%3D%27http%3A%2F%2Fwww.w3.org%2F2000%2Fsvg%27%20width%3D%272560%27%20height%3D%271153%27%20viewBox%3D%270%200%202560%201153%27%3E%3Crect%20width%3D%272560%27%20height%3D%271153%27%20fill-opacity%3D%220%22%2F%3E%3C%2Fsvg%3E\" data-srcset=\"https:\/\/www.atus-koeflach.at\/2019\/wp-content\/uploads\/2021\/05\/20210502_194200-200x90.jpg 200w, https:\/\/www.atus-koeflach.at\/2019\/wp-content\/uploads\/2021\/05\/20210502_194200-400x180.jpg 400w, https:\/\/www.atus-koeflach.at\/2019\/wp-content\/uploads\/2021\/05\/20210502_194200-600x270.jpg 600w, https:\/\/www.atus-koeflach.at\/2019\/wp-content\/uploads\/2021\/05\/20210502_194200-800x360.jpg 800w, https:\/\/www.atus-koeflach.at\/2019\/wp-content\/uploads\/2021\/05\/20210502_194200-1200x540.jpg 1200w, https:\/\/www.atus-koeflach.at\/2019\/wp-content\/uploads\/2021\/05\/20210502_194200-scaled.jpg 2560w\" data-sizes=\"auto\" data-orig-sizes=\"(min-width: 2200px) 100vw, (min-width: 640px) 1170px, \" \/><\/div><\/a><\/div><\/div><div style=\"padding:5px;\" class=\"fusion-grid-column fusion-gallery-column fusion-gallery-column-3 hover-type-none fusion-element-landscape awb-gallery-item-hidden\"><div class=\"fusion-gallery-image\"><a href=\"https:\/\/www.atus-koeflach.at\/2019\/wp-content\/uploads\/2021\/05\/20210502_194429-scaled.jpg\" rel=\"noreferrer\" data-rel=\"iLightbox[gallery_image_1]\" class=\"fusion-lightbox\" target=\"_self\"><div style=\"padding-top:calc((100% + 10px) * 0.4 - 5px);background-position:;\" class=\"fusion-masonry-element-container lazyload\" data-bg=\"https:\/\/www.atus-koeflach.at\/2019\/wp-content\/uploads\/2021\/05\/20210502_194429-scaled.jpg\"><img loading=\"lazy\" loading=\"lazy\" decoding=\"async\" src=\"https:\/\/www.atus-koeflach.at\/2019\/wp-content\/uploads\/2021\/05\/20210502_194429-scaled.jpg\" data-orig-src=\"https:\/\/www.atus-koeflach.at\/2019\/wp-content\/uploads\/2021\/05\/20210502_194429-scaled.jpg\" width=\"2560\" height=\"1153\" alt=\"\" title=\"20210502_194429\" aria-label=\"20210502_194429\" class=\"lazyload img-responsive wp-image-2591\" srcset=\"data:image\/svg+xml,%3Csvg%20xmlns%3D%27http%3A%2F%2Fwww.w3.org%2F2000%2Fsvg%27%20width%3D%272560%27%20height%3D%271153%27%20viewBox%3D%270%200%202560%201153%27%3E%3Crect%20width%3D%272560%27%20height%3D%271153%27%20fill-opacity%3D%220%22%2F%3E%3C%2Fsvg%3E\" data-srcset=\"https:\/\/www.atus-koeflach.at\/2019\/wp-content\/uploads\/2021\/05\/20210502_194429-200x90.jpg 200w, https:\/\/www.atus-koeflach.at\/2019\/wp-content\/uploads\/2021\/05\/20210502_194429-400x180.jpg 400w, https:\/\/www.atus-koeflach.at\/2019\/wp-content\/uploads\/2021\/05\/20210502_194429-600x270.jpg 600w, https:\/\/www.atus-koeflach.at\/2019\/wp-content\/uploads\/2021\/05\/20210502_194429-800x360.jpg 800w, https:\/\/www.atus-koeflach.at\/2019\/wp-content\/uploads\/2021\/05\/20210502_194429-1200x540.jpg 1200w, https:\/\/www.atus-koeflach.at\/2019\/wp-content\/uploads\/2021\/05\/20210502_194429-scaled.jpg 2560w\" data-sizes=\"auto\" data-orig-sizes=\"(min-width: 2200px) 100vw, (min-width: 640px) 1170px, \" \/><\/div><\/a><\/div><\/div><div style=\"padding:5px;\" class=\"fusion-grid-column fusion-gallery-column fusion-gallery-column-3 hover-type-none fusion-element-grid awb-gallery-item-hidden\"><div class=\"fusion-gallery-image\"><a href=\"https:\/\/www.atus-koeflach.at\/2019\/wp-content\/uploads\/2021\/05\/Anna-Schwebe-jun.png\" rel=\"noreferrer\" data-rel=\"iLightbox[gallery_image_1]\" class=\"fusion-lightbox\" target=\"_self\"><div style=\"padding-top:calc((100% + 10px) * 0.8 - 5px);background-position:;\" class=\"fusion-masonry-element-container lazyload\" data-bg=\"https:\/\/www.atus-koeflach.at\/2019\/wp-content\/uploads\/2021\/05\/Anna-Schwebe-jun.png\"><img loading=\"lazy\" loading=\"lazy\" decoding=\"async\" src=\"https:\/\/www.atus-koeflach.at\/2019\/wp-content\/uploads\/2021\/05\/Anna-Schwebe-jun.png\" data-orig-src=\"https:\/\/www.atus-koeflach.at\/2019\/wp-content\/uploads\/2021\/05\/Anna-Schwebe-jun.png\" width=\"333\" height=\"325\" alt=\"\" title=\"Anna Schwebe jun\" aria-label=\"Anna Schwebe jun\" class=\"lazyload img-responsive wp-image-2592\" srcset=\"data:image\/svg+xml,%3Csvg%20xmlns%3D%27http%3A%2F%2Fwww.w3.org%2F2000%2Fsvg%27%20width%3D%27333%27%20height%3D%27325%27%20viewBox%3D%270%200%20333%20325%27%3E%3Crect%20width%3D%27333%27%20height%3D%27325%27%20fill-opacity%3D%220%22%2F%3E%3C%2Fsvg%3E\" data-srcset=\"https:\/\/www.atus-koeflach.at\/2019\/wp-content\/uploads\/2021\/05\/Anna-Schwebe-jun-200x195.png 200w, https:\/\/www.atus-koeflach.at\/2019\/wp-content\/uploads\/2021\/05\/Anna-Schwebe-jun.png 333w\" data-sizes=\"auto\" data-orig-sizes=\"(min-width: 2200px) 100vw, (min-width: 824px) 387px, (min-width: 732px) 580px, (min-width: 640px) 732px, \" \/><\/div><\/a><\/div><\/div><div style=\"padding:5px;\" class=\"fusion-grid-column fusion-gallery-column fusion-gallery-column-3 hover-type-none fusion-element-grid awb-gallery-item-hidden\"><div class=\"fusion-gallery-image\"><a href=\"https:\/\/www.atus-koeflach.at\/2019\/wp-content\/uploads\/2021\/05\/Anna-Sprung-Jun.png\" rel=\"noreferrer\" data-rel=\"iLightbox[gallery_image_1]\" class=\"fusion-lightbox\" target=\"_self\"><div style=\"padding-top:calc((100% + 10px) * 0.8 - 5px);background-position:;\" class=\"fusion-masonry-element-container lazyload\" data-bg=\"https:\/\/www.atus-koeflach.at\/2019\/wp-content\/uploads\/2021\/05\/Anna-Sprung-Jun.png\"><img loading=\"lazy\" loading=\"lazy\" decoding=\"async\" src=\"https:\/\/www.atus-koeflach.at\/2019\/wp-content\/uploads\/2021\/05\/Anna-Sprung-Jun.png\" data-orig-src=\"https:\/\/www.atus-koeflach.at\/2019\/wp-content\/uploads\/2021\/05\/Anna-Sprung-Jun.png\" width=\"501\" height=\"345\" alt=\"\" title=\"Anna Sprung Jun\" aria-label=\"Anna Sprung Jun\" class=\"lazyload img-responsive wp-image-2593\" srcset=\"data:image\/svg+xml,%3Csvg%20xmlns%3D%27http%3A%2F%2Fwww.w3.org%2F2000%2Fsvg%27%20width%3D%27501%27%20height%3D%27345%27%20viewBox%3D%270%200%20501%20345%27%3E%3Crect%20width%3D%27501%27%20height%3D%27345%27%20fill-opacity%3D%220%22%2F%3E%3C%2Fsvg%3E\" data-srcset=\"https:\/\/www.atus-koeflach.at\/2019\/wp-content\/uploads\/2021\/05\/Anna-Sprung-Jun-200x138.png 200w, https:\/\/www.atus-koeflach.at\/2019\/wp-content\/uploads\/2021\/05\/Anna-Sprung-Jun-400x275.png 400w, https:\/\/www.atus-koeflach.at\/2019\/wp-content\/uploads\/2021\/05\/Anna-Sprung-Jun.png 501w\" data-sizes=\"auto\" data-orig-sizes=\"(min-width: 2200px) 100vw, (min-width: 824px) 387px, (min-width: 732px) 580px, (min-width: 640px) 732px, \" \/><\/div><\/a><\/div><\/div><div style=\"padding:5px;\" class=\"fusion-grid-column fusion-gallery-column fusion-gallery-column-3 hover-type-none fusion-element-portrait awb-gallery-item-hidden\"><div class=\"fusion-gallery-image\"><a href=\"https:\/\/www.atus-koeflach.at\/2019\/wp-content\/uploads\/2021\/05\/Anna-Stufi-2021-05-09-16h00m00s730.png\" rel=\"noreferrer\" data-rel=\"iLightbox[gallery_image_1]\" class=\"fusion-lightbox\" target=\"_self\"><div style=\"padding-top:calc((100% + 10px) * 1.6);background-position:;\" class=\"fusion-masonry-element-container lazyload\" data-bg=\"https:\/\/www.atus-koeflach.at\/2019\/wp-content\/uploads\/2021\/05\/Anna-Stufi-2021-05-09-16h00m00s730.png\"><img loading=\"lazy\" loading=\"lazy\" decoding=\"async\" src=\"https:\/\/www.atus-koeflach.at\/2019\/wp-content\/uploads\/2021\/05\/Anna-Stufi-2021-05-09-16h00m00s730.png\" data-orig-src=\"https:\/\/www.atus-koeflach.at\/2019\/wp-content\/uploads\/2021\/05\/Anna-Stufi-2021-05-09-16h00m00s730.png\" width=\"352\" height=\"590\" alt=\"\" title=\"Anna Stufi 2021-05-09-16h00m00s730\" aria-label=\"Anna Stufi 2021-05-09-16h00m00s730\" class=\"lazyload img-responsive wp-image-2594\" srcset=\"data:image\/svg+xml,%3Csvg%20xmlns%3D%27http%3A%2F%2Fwww.w3.org%2F2000%2Fsvg%27%20width%3D%27352%27%20height%3D%27590%27%20viewBox%3D%270%200%20352%20590%27%3E%3Crect%20width%3D%27352%27%20height%3D%27590%27%20fill-opacity%3D%220%22%2F%3E%3C%2Fsvg%3E\" data-srcset=\"https:\/\/www.atus-koeflach.at\/2019\/wp-content\/uploads\/2021\/05\/Anna-Stufi-2021-05-09-16h00m00s730-200x335.png 200w, https:\/\/www.atus-koeflach.at\/2019\/wp-content\/uploads\/2021\/05\/Anna-Stufi-2021-05-09-16h00m00s730.png 352w\" data-sizes=\"auto\" data-orig-sizes=\"(min-width: 2200px) 100vw, (min-width: 824px) 387px, (min-width: 732px) 580px, (min-width: 640px) 732px, \" \/><\/div><\/a><\/div><\/div><div style=\"padding:5px;\" class=\"fusion-grid-column fusion-gallery-column fusion-gallery-column-3 hover-type-none fusion-element-grid awb-gallery-item-hidden\"><div class=\"fusion-gallery-image\"><a href=\"https:\/\/www.atus-koeflach.at\/2019\/wp-content\/uploads\/2021\/05\/Emma-Boden-2021-05-09-16h09m11s737.png\" rel=\"noreferrer\" data-rel=\"iLightbox[gallery_image_1]\" class=\"fusion-lightbox\" target=\"_self\"><div style=\"padding-top:calc((100% + 10px) * 0.8 - 5px);background-position:;\" class=\"fusion-masonry-element-container lazyload\" data-bg=\"https:\/\/www.atus-koeflach.at\/2019\/wp-content\/uploads\/2021\/05\/Emma-Boden-2021-05-09-16h09m11s737.png\"><img loading=\"lazy\" loading=\"lazy\" decoding=\"async\" src=\"https:\/\/www.atus-koeflach.at\/2019\/wp-content\/uploads\/2021\/05\/Emma-Boden-2021-05-09-16h09m11s737.png\" data-orig-src=\"https:\/\/www.atus-koeflach.at\/2019\/wp-content\/uploads\/2021\/05\/Emma-Boden-2021-05-09-16h09m11s737.png\" width=\"859\" height=\"701\" alt=\"\" title=\"Emma Boden-2021-05-09-16h09m11s737\" aria-label=\"Emma Boden-2021-05-09-16h09m11s737\" class=\"lazyload img-responsive wp-image-2595\" srcset=\"data:image\/svg+xml,%3Csvg%20xmlns%3D%27http%3A%2F%2Fwww.w3.org%2F2000%2Fsvg%27%20width%3D%27859%27%20height%3D%27701%27%20viewBox%3D%270%200%20859%20701%27%3E%3Crect%20width%3D%27859%27%20height%3D%27701%27%20fill-opacity%3D%220%22%2F%3E%3C%2Fsvg%3E\" data-srcset=\"https:\/\/www.atus-koeflach.at\/2019\/wp-content\/uploads\/2021\/05\/Emma-Boden-2021-05-09-16h09m11s737-200x163.png 200w, https:\/\/www.atus-koeflach.at\/2019\/wp-content\/uploads\/2021\/05\/Emma-Boden-2021-05-09-16h09m11s737-400x326.png 400w, https:\/\/www.atus-koeflach.at\/2019\/wp-content\/uploads\/2021\/05\/Emma-Boden-2021-05-09-16h09m11s737-600x490.png 600w, https:\/\/www.atus-koeflach.at\/2019\/wp-content\/uploads\/2021\/05\/Emma-Boden-2021-05-09-16h09m11s737-800x653.png 800w, https:\/\/www.atus-koeflach.at\/2019\/wp-content\/uploads\/2021\/05\/Emma-Boden-2021-05-09-16h09m11s737.png 859w\" data-sizes=\"auto\" data-orig-sizes=\"(min-width: 2200px) 100vw, (min-width: 824px) 387px, (min-width: 732px) 580px, (min-width: 640px) 732px, \" \/><\/div><\/a><\/div><\/div><div style=\"padding:5px;\" class=\"fusion-grid-column fusion-gallery-column fusion-gallery-column-3 hover-type-none fusion-element-grid awb-gallery-item-hidden\"><div class=\"fusion-gallery-image\"><a href=\"https:\/\/www.atus-koeflach.at\/2019\/wp-content\/uploads\/2021\/05\/Emma-J2-Schwebeb.png\" rel=\"noreferrer\" data-rel=\"iLightbox[gallery_image_1]\" class=\"fusion-lightbox\" target=\"_self\"><div style=\"padding-top:calc((100% + 10px) * 0.8 - 5px);background-position:;\" class=\"fusion-masonry-element-container lazyload\" data-bg=\"https:\/\/www.atus-koeflach.at\/2019\/wp-content\/uploads\/2021\/05\/Emma-J2-Schwebeb.png\"><img loading=\"lazy\" loading=\"lazy\" decoding=\"async\" src=\"https:\/\/www.atus-koeflach.at\/2019\/wp-content\/uploads\/2021\/05\/Emma-J2-Schwebeb.png\" data-orig-src=\"https:\/\/www.atus-koeflach.at\/2019\/wp-content\/uploads\/2021\/05\/Emma-J2-Schwebeb.png\" width=\"269\" height=\"271\" alt=\"\" title=\"Emma J2 Schwebeb\" aria-label=\"Emma J2 Schwebeb\" class=\"lazyload img-responsive wp-image-2596\" srcset=\"data:image\/svg+xml,%3Csvg%20xmlns%3D%27http%3A%2F%2Fwww.w3.org%2F2000%2Fsvg%27%20width%3D%27269%27%20height%3D%27271%27%20viewBox%3D%270%200%20269%20271%27%3E%3Crect%20width%3D%27269%27%20height%3D%27271%27%20fill-opacity%3D%220%22%2F%3E%3C%2Fsvg%3E\" data-srcset=\"https:\/\/www.atus-koeflach.at\/2019\/wp-content\/uploads\/2021\/05\/Emma-J2-Schwebeb-200x201.png 200w, https:\/\/www.atus-koeflach.at\/2019\/wp-content\/uploads\/2021\/05\/Emma-J2-Schwebeb.png 269w\" data-sizes=\"auto\" data-orig-sizes=\"(min-width: 2200px) 100vw, (min-width: 824px) 387px, (min-width: 732px) 580px, (min-width: 640px) 732px, \" \/><\/div><\/a><\/div><\/div><div style=\"padding:5px;\" class=\"fusion-grid-column fusion-gallery-column fusion-gallery-column-3 hover-type-none fusion-element-grid awb-gallery-item-hidden\"><div class=\"fusion-gallery-image\"><a href=\"https:\/\/www.atus-koeflach.at\/2019\/wp-content\/uploads\/2021\/05\/Emma-Sprung.png\" rel=\"noreferrer\" data-rel=\"iLightbox[gallery_image_1]\" class=\"fusion-lightbox\" target=\"_self\"><div style=\"padding-top:calc((100% + 10px) * 0.8 - 5px);background-position:;\" class=\"fusion-masonry-element-container lazyload\" data-bg=\"https:\/\/www.atus-koeflach.at\/2019\/wp-content\/uploads\/2021\/05\/Emma-Sprung.png\"><img loading=\"lazy\" loading=\"lazy\" decoding=\"async\" src=\"https:\/\/www.atus-koeflach.at\/2019\/wp-content\/uploads\/2021\/05\/Emma-Sprung.png\" data-orig-src=\"https:\/\/www.atus-koeflach.at\/2019\/wp-content\/uploads\/2021\/05\/Emma-Sprung.png\" width=\"342\" height=\"507\" alt=\"\" title=\"Emma Sprung\" aria-label=\"Emma Sprung\" class=\"lazyload img-responsive wp-image-2597\" srcset=\"data:image\/svg+xml,%3Csvg%20xmlns%3D%27http%3A%2F%2Fwww.w3.org%2F2000%2Fsvg%27%20width%3D%27342%27%20height%3D%27507%27%20viewBox%3D%270%200%20342%20507%27%3E%3Crect%20width%3D%27342%27%20height%3D%27507%27%20fill-opacity%3D%220%22%2F%3E%3C%2Fsvg%3E\" data-srcset=\"https:\/\/www.atus-koeflach.at\/2019\/wp-content\/uploads\/2021\/05\/Emma-Sprung-200x296.png 200w, https:\/\/www.atus-koeflach.at\/2019\/wp-content\/uploads\/2021\/05\/Emma-Sprung.png 342w\" data-sizes=\"auto\" data-orig-sizes=\"(min-width: 2200px) 100vw, (min-width: 824px) 387px, (min-width: 732px) 580px, (min-width: 640px) 732px, \" \/><\/div><\/a><\/div><\/div><div style=\"padding:5px;\" class=\"fusion-grid-column fusion-gallery-column fusion-gallery-column-3 hover-type-none fusion-element-grid awb-gallery-item-hidden\"><div class=\"fusion-gallery-image\"><a href=\"https:\/\/www.atus-koeflach.at\/2019\/wp-content\/uploads\/2021\/05\/Leonie-boden-VideoCapture_20210509-084740.jpg\" rel=\"noreferrer\" data-rel=\"iLightbox[gallery_image_1]\" class=\"fusion-lightbox\" target=\"_self\"><div style=\"padding-top:calc((100% + 10px) * 0.8 - 5px);background-position:;\" class=\"fusion-masonry-element-container lazyload\" data-bg=\"https:\/\/www.atus-koeflach.at\/2019\/wp-content\/uploads\/2021\/05\/Leonie-boden-VideoCapture_20210509-084740.jpg\"><img loading=\"lazy\" loading=\"lazy\" decoding=\"async\" src=\"https:\/\/www.atus-koeflach.at\/2019\/wp-content\/uploads\/2021\/05\/Leonie-boden-VideoCapture_20210509-084740.jpg\" data-orig-src=\"https:\/\/www.atus-koeflach.at\/2019\/wp-content\/uploads\/2021\/05\/Leonie-boden-VideoCapture_20210509-084740.jpg\" width=\"330\" height=\"329\" alt=\"\" title=\"Leonie boden VideoCapture_20210509-084740\" aria-label=\"Leonie boden VideoCapture_20210509-084740\" class=\"lazyload img-responsive wp-image-2598\" srcset=\"data:image\/svg+xml,%3Csvg%20xmlns%3D%27http%3A%2F%2Fwww.w3.org%2F2000%2Fsvg%27%20width%3D%27330%27%20height%3D%27329%27%20viewBox%3D%270%200%20330%20329%27%3E%3Crect%20width%3D%27330%27%20height%3D%27329%27%20fill-opacity%3D%220%22%2F%3E%3C%2Fsvg%3E\" data-srcset=\"https:\/\/www.atus-koeflach.at\/2019\/wp-content\/uploads\/2021\/05\/Leonie-boden-VideoCapture_20210509-084740-200x199.jpg 200w, https:\/\/www.atus-koeflach.at\/2019\/wp-content\/uploads\/2021\/05\/Leonie-boden-VideoCapture_20210509-084740.jpg 330w\" data-sizes=\"auto\" data-orig-sizes=\"(min-width: 2200px) 100vw, (min-width: 824px) 387px, (min-width: 732px) 580px, (min-width: 640px) 732px, \" \/><\/div><\/a><\/div><\/div><div style=\"padding:5px;\" class=\"fusion-grid-column fusion-gallery-column fusion-gallery-column-3 hover-type-none fusion-element-grid awb-gallery-item-hidden\"><div class=\"fusion-gallery-image\"><a href=\"https:\/\/www.atus-koeflach.at\/2019\/wp-content\/uploads\/2021\/05\/Leonie-boden_20210509-084637.jpg\" rel=\"noreferrer\" data-rel=\"iLightbox[gallery_image_1]\" class=\"fusion-lightbox\" target=\"_self\"><div style=\"padding-top:calc((100% + 10px) * 0.8 - 5px);background-position:;\" class=\"fusion-masonry-element-container lazyload\" data-bg=\"https:\/\/www.atus-koeflach.at\/2019\/wp-content\/uploads\/2021\/05\/Leonie-boden_20210509-084637.jpg\"><img loading=\"lazy\" loading=\"lazy\" decoding=\"async\" src=\"https:\/\/www.atus-koeflach.at\/2019\/wp-content\/uploads\/2021\/05\/Leonie-boden_20210509-084637.jpg\" data-orig-src=\"https:\/\/www.atus-koeflach.at\/2019\/wp-content\/uploads\/2021\/05\/Leonie-boden_20210509-084637.jpg\" width=\"352\" height=\"459\" alt=\"\" title=\"Leonie boden_20210509-084637\" aria-label=\"Leonie boden_20210509-084637\" class=\"lazyload img-responsive wp-image-2599\" srcset=\"data:image\/svg+xml,%3Csvg%20xmlns%3D%27http%3A%2F%2Fwww.w3.org%2F2000%2Fsvg%27%20width%3D%27352%27%20height%3D%27459%27%20viewBox%3D%270%200%20352%20459%27%3E%3Crect%20width%3D%27352%27%20height%3D%27459%27%20fill-opacity%3D%220%22%2F%3E%3C%2Fsvg%3E\" data-srcset=\"https:\/\/www.atus-koeflach.at\/2019\/wp-content\/uploads\/2021\/05\/Leonie-boden_20210509-084637-200x261.jpg 200w, https:\/\/www.atus-koeflach.at\/2019\/wp-content\/uploads\/2021\/05\/Leonie-boden_20210509-084637.jpg 352w\" data-sizes=\"auto\" data-orig-sizes=\"(min-width: 2200px) 100vw, (min-width: 824px) 387px, (min-width: 732px) 580px, (min-width: 640px) 732px, \" \/><\/div><\/a><\/div><\/div><div style=\"padding:5px;\" class=\"fusion-grid-column fusion-gallery-column fusion-gallery-column-3 hover-type-none fusion-element-grid awb-gallery-item-hidden\"><div class=\"fusion-gallery-image\"><a href=\"https:\/\/www.atus-koeflach.at\/2019\/wp-content\/uploads\/2021\/05\/Lilli-J3-Schwebeb.png\" rel=\"noreferrer\" data-rel=\"iLightbox[gallery_image_1]\" class=\"fusion-lightbox\" target=\"_self\"><div style=\"padding-top:calc((100% + 10px) * 0.8 - 5px);background-position:;\" class=\"fusion-masonry-element-container lazyload\" data-bg=\"https:\/\/www.atus-koeflach.at\/2019\/wp-content\/uploads\/2021\/05\/Lilli-J3-Schwebeb.png\"><img loading=\"lazy\" loading=\"lazy\" decoding=\"async\" src=\"https:\/\/www.atus-koeflach.at\/2019\/wp-content\/uploads\/2021\/05\/Lilli-J3-Schwebeb.png\" data-orig-src=\"https:\/\/www.atus-koeflach.at\/2019\/wp-content\/uploads\/2021\/05\/Lilli-J3-Schwebeb.png\" width=\"272\" height=\"223\" alt=\"\" title=\"Lilli J3 Schwebeb\" aria-label=\"Lilli J3 Schwebeb\" class=\"lazyload img-responsive wp-image-2602\" srcset=\"data:image\/svg+xml,%3Csvg%20xmlns%3D%27http%3A%2F%2Fwww.w3.org%2F2000%2Fsvg%27%20width%3D%27272%27%20height%3D%27223%27%20viewBox%3D%270%200%20272%20223%27%3E%3Crect%20width%3D%27272%27%20height%3D%27223%27%20fill-opacity%3D%220%22%2F%3E%3C%2Fsvg%3E\" data-srcset=\"https:\/\/www.atus-koeflach.at\/2019\/wp-content\/uploads\/2021\/05\/Lilli-J3-Schwebeb-200x164.png 200w, https:\/\/www.atus-koeflach.at\/2019\/wp-content\/uploads\/2021\/05\/Lilli-J3-Schwebeb.png 272w\" data-sizes=\"auto\" data-orig-sizes=\"(min-width: 2200px) 100vw, (min-width: 824px) 387px, (min-width: 732px) 580px, (min-width: 640px) 732px, \" \/><\/div><\/a><\/div><\/div><\/div><div class=\"fusion-loading-container fusion-clearfix awb-gallery-posts-loading-container\">\n\t\t\t\t<div class=\"fusion-loading-spinner\">\n\t\t\t\t\t<div class=\"fusion-spinner-1\"><\/div>\n\t\t\t\t\t<div class=\"fusion-spinner-2\"><\/div>\n\t\t\t\t\t<div class=\"fusion-spinner-3\"><\/div>\n\t\t\t\t<\/div><div class=\"fusion-loading-msg\"><em>Loading the next set of gallery items...<\/em><\/div><\/div><div class=\"awb-gallery-buttons\"><a href=\"#\" class=\"fusion-button button-flat button-default fusion-button-default-size awb-gallery-load-more-btn\">Load More<\/a><\/div><\/div><\/div><\/div><\/div><\/div>\n","protected":false},"excerpt":{"rendered":"","protected":false},"author":1,"featured_media":2579,"comment_status":"open","ping_status":"open","sticky":false,"template":"","format":"standard","meta":{"footnotes":""},"categories":[24],"tags":[74,92],"class_list":["post-2578","post","type-post","status-publish","format-standard","has-post-thumbnail","hentry","category-meisterschaften","tag-74","tag-kunstturnen"],"yoast_head":"<!-- This site is optimized with the Yoast SEO plugin v27.5 - https:\/\/yoast.com\/product\/yoast-seo-wordpress\/ -->\n<title>ATUS K\u00f6flach kommt stark zur\u00fcck! - Atus K\u00f6flach Turnen<\/title>\n<meta name=\"robots\" content=\"index, follow, max-snippet:-1, max-image-preview:large, max-video-preview:-1\" \/>\n<link rel=\"canonical\" href=\"https:\/\/www.atus-koeflach.at\/2019\/atus-koeflach-kommt-stark-zurueck\/\" \/>\n<meta property=\"og:locale\" content=\"de_DE\" \/>\n<meta property=\"og:type\" content=\"article\" \/>\n<meta property=\"og:title\" content=\"ATUS K\u00f6flach kommt stark zur\u00fcck! - Atus K\u00f6flach Turnen\" \/>\n<meta property=\"og:url\" content=\"https:\/\/www.atus-koeflach.at\/2019\/atus-koeflach-kommt-stark-zurueck\/\" \/>\n<meta property=\"og:site_name\" content=\"Atus K\u00f6flach Turnen\" \/>\n<meta property=\"article:published_time\" content=\"2021-05-09T16:50:10+00:00\" \/>\n<meta property=\"article:modified_time\" content=\"2021-05-09T17:32:19+00:00\" \/>\n<meta property=\"og:image\" content=\"https:\/\/www.atus-koeflach.at\/2019\/wp-content\/uploads\/2021\/05\/20210502_190112-scaled.jpg\" \/>\n\t<meta property=\"og:image:width\" content=\"2560\" \/>\n\t<meta property=\"og:image:height\" content=\"1658\" \/>\n\t<meta property=\"og:image:type\" content=\"image\/jpeg\" \/>\n<meta name=\"author\" content=\"Daniel Krauthackl\" \/>\n<meta name=\"twitter:card\" content=\"summary_large_image\" \/>\n<meta name=\"twitter:label1\" content=\"Verfasst von\" \/>\n\t<meta name=\"twitter:data1\" content=\"Daniel Krauthackl\" \/>\n\t<meta name=\"twitter:label2\" content=\"Gesch\u00e4tzte Lesezeit\" \/>\n\t<meta name=\"twitter:data2\" content=\"3\u00a0Minuten\" \/>\n<script type=\"application\/ld+json\" class=\"yoast-schema-graph\">{\"@context\":\"https:\\\/\\\/schema.org\",\"@graph\":[{\"@type\":\"Article\",\"@id\":\"https:\\\/\\\/www.atus-koeflach.at\\\/2019\\\/atus-koeflach-kommt-stark-zurueck\\\/#article\",\"isPartOf\":{\"@id\":\"https:\\\/\\\/www.atus-koeflach.at\\\/2019\\\/atus-koeflach-kommt-stark-zurueck\\\/\"},\"author\":{\"name\":\"Daniel Krauthackl\",\"@id\":\"https:\\\/\\\/www.atus-koeflach.at\\\/2019\\\/#\\\/schema\\\/person\\\/5ce4ec23591ae9fd7caf7294e507a039\"},\"headline\":\"ATUS K\u00f6flach kommt stark zur\u00fcck!\",\"datePublished\":\"2021-05-09T16:50:10+00:00\",\"dateModified\":\"2021-05-09T17:32:19+00:00\",\"mainEntityOfPage\":{\"@id\":\"https:\\\/\\\/www.atus-koeflach.at\\\/2019\\\/atus-koeflach-kommt-stark-zurueck\\\/\"},\"wordCount\":920,\"commentCount\":0,\"publisher\":{\"@id\":\"https:\\\/\\\/www.atus-koeflach.at\\\/2019\\\/#\\\/schema\\\/person\\\/2a0a0f461c0626e22207dcef881c6d39\"},\"image\":{\"@id\":\"https:\\\/\\\/www.atus-koeflach.at\\\/2019\\\/atus-koeflach-kommt-stark-zurueck\\\/#primaryimage\"},\"thumbnailUrl\":\"https:\\\/\\\/www.atus-koeflach.at\\\/2019\\\/wp-content\\\/uploads\\\/2021\\\/05\\\/20210502_190112-scaled.jpg\",\"keywords\":[\"2021\",\"Kunstturnen\"],\"articleSection\":[\"Meisterschaften\"],\"inLanguage\":\"de\",\"potentialAction\":[{\"@type\":\"CommentAction\",\"name\":\"Comment\",\"target\":[\"https:\\\/\\\/www.atus-koeflach.at\\\/2019\\\/atus-koeflach-kommt-stark-zurueck\\\/#respond\"]}]},{\"@type\":\"WebPage\",\"@id\":\"https:\\\/\\\/www.atus-koeflach.at\\\/2019\\\/atus-koeflach-kommt-stark-zurueck\\\/\",\"url\":\"https:\\\/\\\/www.atus-koeflach.at\\\/2019\\\/atus-koeflach-kommt-stark-zurueck\\\/\",\"name\":\"ATUS K\u00f6flach kommt stark zur\u00fcck! - Atus K\u00f6flach Turnen\",\"isPartOf\":{\"@id\":\"https:\\\/\\\/www.atus-koeflach.at\\\/2019\\\/#website\"},\"primaryImageOfPage\":{\"@id\":\"https:\\\/\\\/www.atus-koeflach.at\\\/2019\\\/atus-koeflach-kommt-stark-zurueck\\\/#primaryimage\"},\"image\":{\"@id\":\"https:\\\/\\\/www.atus-koeflach.at\\\/2019\\\/atus-koeflach-kommt-stark-zurueck\\\/#primaryimage\"},\"thumbnailUrl\":\"https:\\\/\\\/www.atus-koeflach.at\\\/2019\\\/wp-content\\\/uploads\\\/2021\\\/05\\\/20210502_190112-scaled.jpg\",\"datePublished\":\"2021-05-09T16:50:10+00:00\",\"dateModified\":\"2021-05-09T17:32:19+00:00\",\"breadcrumb\":{\"@id\":\"https:\\\/\\\/www.atus-koeflach.at\\\/2019\\\/atus-koeflach-kommt-stark-zurueck\\\/#breadcrumb\"},\"inLanguage\":\"de\",\"potentialAction\":[{\"@type\":\"ReadAction\",\"target\":[\"https:\\\/\\\/www.atus-koeflach.at\\\/2019\\\/atus-koeflach-kommt-stark-zurueck\\\/\"]}]},{\"@type\":\"ImageObject\",\"inLanguage\":\"de\",\"@id\":\"https:\\\/\\\/www.atus-koeflach.at\\\/2019\\\/atus-koeflach-kommt-stark-zurueck\\\/#primaryimage\",\"url\":\"https:\\\/\\\/www.atus-koeflach.at\\\/2019\\\/wp-content\\\/uploads\\\/2021\\\/05\\\/20210502_190112-scaled.jpg\",\"contentUrl\":\"https:\\\/\\\/www.atus-koeflach.at\\\/2019\\\/wp-content\\\/uploads\\\/2021\\\/05\\\/20210502_190112-scaled.jpg\",\"width\":2560,\"height\":1658},{\"@type\":\"BreadcrumbList\",\"@id\":\"https:\\\/\\\/www.atus-koeflach.at\\\/2019\\\/atus-koeflach-kommt-stark-zurueck\\\/#breadcrumb\",\"itemListElement\":[{\"@type\":\"ListItem\",\"position\":1,\"name\":\"Startseite\",\"item\":\"https:\\\/\\\/www.atus-koeflach.at\\\/2019\\\/\"},{\"@type\":\"ListItem\",\"position\":2,\"name\":\"ATUS K\u00f6flach kommt stark zur\u00fcck!\"}]},{\"@type\":\"WebSite\",\"@id\":\"https:\\\/\\\/www.atus-koeflach.at\\\/2019\\\/#website\",\"url\":\"https:\\\/\\\/www.atus-koeflach.at\\\/2019\\\/\",\"name\":\"Atus K\u00f6flach Turnen\",\"description\":\"Turnen aus Leidenschaft\",\"publisher\":{\"@id\":\"https:\\\/\\\/www.atus-koeflach.at\\\/2019\\\/#\\\/schema\\\/person\\\/2a0a0f461c0626e22207dcef881c6d39\"},\"potentialAction\":[{\"@type\":\"SearchAction\",\"target\":{\"@type\":\"EntryPoint\",\"urlTemplate\":\"https:\\\/\\\/www.atus-koeflach.at\\\/2019\\\/?s={search_term_string}\"},\"query-input\":{\"@type\":\"PropertyValueSpecification\",\"valueRequired\":true,\"valueName\":\"search_term_string\"}}],\"inLanguage\":\"de\"},{\"@type\":[\"Person\",\"Organization\"],\"@id\":\"https:\\\/\\\/www.atus-koeflach.at\\\/2019\\\/#\\\/schema\\\/person\\\/2a0a0f461c0626e22207dcef881c6d39\",\"name\":\"Karin Krauthackl\",\"image\":{\"@type\":\"ImageObject\",\"inLanguage\":\"de\",\"@id\":\"https:\\\/\\\/secure.gravatar.com\\\/avatar\\\/ddec361b0ce7ed2674e2dda6d7dc52407fc06784890258909b75daeb085c27b7?s=96&d=mm&r=g\",\"url\":\"https:\\\/\\\/secure.gravatar.com\\\/avatar\\\/ddec361b0ce7ed2674e2dda6d7dc52407fc06784890258909b75daeb085c27b7?s=96&d=mm&r=g\",\"contentUrl\":\"https:\\\/\\\/secure.gravatar.com\\\/avatar\\\/ddec361b0ce7ed2674e2dda6d7dc52407fc06784890258909b75daeb085c27b7?s=96&d=mm&r=g\",\"caption\":\"Karin Krauthackl\"},\"logo\":{\"@id\":\"https:\\\/\\\/secure.gravatar.com\\\/avatar\\\/ddec361b0ce7ed2674e2dda6d7dc52407fc06784890258909b75daeb085c27b7?s=96&d=mm&r=g\"}},{\"@type\":\"Person\",\"@id\":\"https:\\\/\\\/www.atus-koeflach.at\\\/2019\\\/#\\\/schema\\\/person\\\/5ce4ec23591ae9fd7caf7294e507a039\",\"name\":\"Daniel Krauthackl\",\"image\":{\"@type\":\"ImageObject\",\"inLanguage\":\"de\",\"@id\":\"https:\\\/\\\/secure.gravatar.com\\\/avatar\\\/31a54c17724603d11fc6789c6ed5904c730033285eac2ab185b8bd87026a078d?s=96&d=mm&r=g\",\"url\":\"https:\\\/\\\/secure.gravatar.com\\\/avatar\\\/31a54c17724603d11fc6789c6ed5904c730033285eac2ab185b8bd87026a078d?s=96&d=mm&r=g\",\"contentUrl\":\"https:\\\/\\\/secure.gravatar.com\\\/avatar\\\/31a54c17724603d11fc6789c6ed5904c730033285eac2ab185b8bd87026a078d?s=96&d=mm&r=g\",\"caption\":\"Daniel Krauthackl\"}}]}<\/script>\n<!-- \/ Yoast SEO plugin. -->","yoast_head_json":{"title":"ATUS K\u00f6flach kommt stark zur\u00fcck! - Atus K\u00f6flach Turnen","robots":{"index":"index","follow":"follow","max-snippet":"max-snippet:-1","max-image-preview":"max-image-preview:large","max-video-preview":"max-video-preview:-1"},"canonical":"https:\/\/www.atus-koeflach.at\/2019\/atus-koeflach-kommt-stark-zurueck\/","og_locale":"de_DE","og_type":"article","og_title":"ATUS K\u00f6flach kommt stark zur\u00fcck! - Atus K\u00f6flach Turnen","og_url":"https:\/\/www.atus-koeflach.at\/2019\/atus-koeflach-kommt-stark-zurueck\/","og_site_name":"Atus K\u00f6flach Turnen","article_published_time":"2021-05-09T16:50:10+00:00","article_modified_time":"2021-05-09T17:32:19+00:00","og_image":[{"width":2560,"height":1658,"url":"https:\/\/www.atus-koeflach.at\/2019\/wp-content\/uploads\/2021\/05\/20210502_190112-scaled.jpg","type":"image\/jpeg"}],"author":"Daniel Krauthackl","twitter_card":"summary_large_image","twitter_misc":{"Verfasst von":"Daniel Krauthackl","Gesch\u00e4tzte Lesezeit":"3\u00a0Minuten"},"schema":{"@context":"https:\/\/schema.org","@graph":[{"@type":"Article","@id":"https:\/\/www.atus-koeflach.at\/2019\/atus-koeflach-kommt-stark-zurueck\/#article","isPartOf":{"@id":"https:\/\/www.atus-koeflach.at\/2019\/atus-koeflach-kommt-stark-zurueck\/"},"author":{"name":"Daniel Krauthackl","@id":"https:\/\/www.atus-koeflach.at\/2019\/#\/schema\/person\/5ce4ec23591ae9fd7caf7294e507a039"},"headline":"ATUS K\u00f6flach kommt stark zur\u00fcck!","datePublished":"2021-05-09T16:50:10+00:00","dateModified":"2021-05-09T17:32:19+00:00","mainEntityOfPage":{"@id":"https:\/\/www.atus-koeflach.at\/2019\/atus-koeflach-kommt-stark-zurueck\/"},"wordCount":920,"commentCount":0,"publisher":{"@id":"https:\/\/www.atus-koeflach.at\/2019\/#\/schema\/person\/2a0a0f461c0626e22207dcef881c6d39"},"image":{"@id":"https:\/\/www.atus-koeflach.at\/2019\/atus-koeflach-kommt-stark-zurueck\/#primaryimage"},"thumbnailUrl":"https:\/\/www.atus-koeflach.at\/2019\/wp-content\/uploads\/2021\/05\/20210502_190112-scaled.jpg","keywords":["2021","Kunstturnen"],"articleSection":["Meisterschaften"],"inLanguage":"de","potentialAction":[{"@type":"CommentAction","name":"Comment","target":["https:\/\/www.atus-koeflach.at\/2019\/atus-koeflach-kommt-stark-zurueck\/#respond"]}]},{"@type":"WebPage","@id":"https:\/\/www.atus-koeflach.at\/2019\/atus-koeflach-kommt-stark-zurueck\/","url":"https:\/\/www.atus-koeflach.at\/2019\/atus-koeflach-kommt-stark-zurueck\/","name":"ATUS K\u00f6flach kommt stark zur\u00fcck! - Atus K\u00f6flach Turnen","isPartOf":{"@id":"https:\/\/www.atus-koeflach.at\/2019\/#website"},"primaryImageOfPage":{"@id":"https:\/\/www.atus-koeflach.at\/2019\/atus-koeflach-kommt-stark-zurueck\/#primaryimage"},"image":{"@id":"https:\/\/www.atus-koeflach.at\/2019\/atus-koeflach-kommt-stark-zurueck\/#primaryimage"},"thumbnailUrl":"https:\/\/www.atus-koeflach.at\/2019\/wp-content\/uploads\/2021\/05\/20210502_190112-scaled.jpg","datePublished":"2021-05-09T16:50:10+00:00","dateModified":"2021-05-09T17:32:19+00:00","breadcrumb":{"@id":"https:\/\/www.atus-koeflach.at\/2019\/atus-koeflach-kommt-stark-zurueck\/#breadcrumb"},"inLanguage":"de","potentialAction":[{"@type":"ReadAction","target":["https:\/\/www.atus-koeflach.at\/2019\/atus-koeflach-kommt-stark-zurueck\/"]}]},{"@type":"ImageObject","inLanguage":"de","@id":"https:\/\/www.atus-koeflach.at\/2019\/atus-koeflach-kommt-stark-zurueck\/#primaryimage","url":"https:\/\/www.atus-koeflach.at\/2019\/wp-content\/uploads\/2021\/05\/20210502_190112-scaled.jpg","contentUrl":"https:\/\/www.atus-koeflach.at\/2019\/wp-content\/uploads\/2021\/05\/20210502_190112-scaled.jpg","width":2560,"height":1658},{"@type":"BreadcrumbList","@id":"https:\/\/www.atus-koeflach.at\/2019\/atus-koeflach-kommt-stark-zurueck\/#breadcrumb","itemListElement":[{"@type":"ListItem","position":1,"name":"Startseite","item":"https:\/\/www.atus-koeflach.at\/2019\/"},{"@type":"ListItem","position":2,"name":"ATUS K\u00f6flach kommt stark zur\u00fcck!"}]},{"@type":"WebSite","@id":"https:\/\/www.atus-koeflach.at\/2019\/#website","url":"https:\/\/www.atus-koeflach.at\/2019\/","name":"Atus K\u00f6flach Turnen","description":"Turnen aus Leidenschaft","publisher":{"@id":"https:\/\/www.atus-koeflach.at\/2019\/#\/schema\/person\/2a0a0f461c0626e22207dcef881c6d39"},"potentialAction":[{"@type":"SearchAction","target":{"@type":"EntryPoint","urlTemplate":"https:\/\/www.atus-koeflach.at\/2019\/?s={search_term_string}"},"query-input":{"@type":"PropertyValueSpecification","valueRequired":true,"valueName":"search_term_string"}}],"inLanguage":"de"},{"@type":["Person","Organization"],"@id":"https:\/\/www.atus-koeflach.at\/2019\/#\/schema\/person\/2a0a0f461c0626e22207dcef881c6d39","name":"Karin Krauthackl","image":{"@type":"ImageObject","inLanguage":"de","@id":"https:\/\/secure.gravatar.com\/avatar\/ddec361b0ce7ed2674e2dda6d7dc52407fc06784890258909b75daeb085c27b7?s=96&d=mm&r=g","url":"https:\/\/secure.gravatar.com\/avatar\/ddec361b0ce7ed2674e2dda6d7dc52407fc06784890258909b75daeb085c27b7?s=96&d=mm&r=g","contentUrl":"https:\/\/secure.gravatar.com\/avatar\/ddec361b0ce7ed2674e2dda6d7dc52407fc06784890258909b75daeb085c27b7?s=96&d=mm&r=g","caption":"Karin Krauthackl"},"logo":{"@id":"https:\/\/secure.gravatar.com\/avatar\/ddec361b0ce7ed2674e2dda6d7dc52407fc06784890258909b75daeb085c27b7?s=96&d=mm&r=g"}},{"@type":"Person","@id":"https:\/\/www.atus-koeflach.at\/2019\/#\/schema\/person\/5ce4ec23591ae9fd7caf7294e507a039","name":"Daniel Krauthackl","image":{"@type":"ImageObject","inLanguage":"de","@id":"https:\/\/secure.gravatar.com\/avatar\/31a54c17724603d11fc6789c6ed5904c730033285eac2ab185b8bd87026a078d?s=96&d=mm&r=g","url":"https:\/\/secure.gravatar.com\/avatar\/31a54c17724603d11fc6789c6ed5904c730033285eac2ab185b8bd87026a078d?s=96&d=mm&r=g","contentUrl":"https:\/\/secure.gravatar.com\/avatar\/31a54c17724603d11fc6789c6ed5904c730033285eac2ab185b8bd87026a078d?s=96&d=mm&r=g","caption":"Daniel Krauthackl"}}]}},"_links":{"self":[{"href":"https:\/\/www.atus-koeflach.at\/2019\/wp-json\/wp\/v2\/posts\/2578","targetHints":{"allow":["GET"]}}],"collection":[{"href":"https:\/\/www.atus-koeflach.at\/2019\/wp-json\/wp\/v2\/posts"}],"about":[{"href":"https:\/\/www.atus-koeflach.at\/2019\/wp-json\/wp\/v2\/types\/post"}],"author":[{"embeddable":true,"href":"https:\/\/www.atus-koeflach.at\/2019\/wp-json\/wp\/v2\/users\/1"}],"replies":[{"embeddable":true,"href":"https:\/\/www.atus-koeflach.at\/2019\/wp-json\/wp\/v2\/comments?post=2578"}],"version-history":[{"count":0,"href":"https:\/\/www.atus-koeflach.at\/2019\/wp-json\/wp\/v2\/posts\/2578\/revisions"}],"wp:featuredmedia":[{"embeddable":true,"href":"https:\/\/www.atus-koeflach.at\/2019\/wp-json\/wp\/v2\/media\/2579"}],"wp:attachment":[{"href":"https:\/\/www.atus-koeflach.at\/2019\/wp-json\/wp\/v2\/media?parent=2578"}],"wp:term":[{"taxonomy":"category","embeddable":true,"href":"https:\/\/www.atus-koeflach.at\/2019\/wp-json\/wp\/v2\/categories?post=2578"},{"taxonomy":"post_tag","embeddable":true,"href":"https:\/\/www.atus-koeflach.at\/2019\/wp-json\/wp\/v2\/tags?post=2578"}],"curies":[{"name":"wp","href":"https:\/\/api.w.org\/{rel}","templated":true}]}}